{"id":109868,"date":"2026-04-30T16:31:29","date_gmt":"2026-04-30T14:31:29","guid":{"rendered":"https:\/\/www.joanneum.at\/?p=109868"},"modified":"2026-04-30T16:43:19","modified_gmt":"2026-04-30T14:43:19","slug":"programm-pfingstdialog-2026-starkes-europa","status":"publish","type":"post","link":"https:\/\/www.joanneum.at\/en\/programm-pfingstdialog-2026-starkes-europa\/","title":{"rendered":"Programm Pfingstdialog 2026: F\u00fcr ein starkes Europa"},"content":{"rendered":"<p>Im Medienzentrum Steiermark wurde am 30. April von Wissenschafts- und Wirtschaftslandesrat Willibald Ehrenh\u00f6fer, Di\u00f6zesanbischof Wilhelm Krautwaschl, Heinz Mayer, Gesch\u00e4ftsf\u00fchrer JOANNEUM RESEARCH, und \u201eGeist &amp; Gegenwart\u201c-Koordinator Herwig H\u00f6sele das Programm f\u00fcr den Pfingstdialog 2026 pr\u00e4sentiert. Am 20. und 21. Mai wird sich auf Schloss Seggau in der S\u00fcdsteiermark alles um das Thema EUROPA(s)ST\u00c4RKEN drehen.<\/p>\n<p>Der Pfingstdialog 2026 beginnt am Mittwoch, 20. Mai um 13.30 Uhr mit der Er\u00f6ffnung und endet am Donnerstag, 21. Mai 2026 um zirka 18 Uhr. Das wohldurchdachte <a href=\"https:\/\/www.pfingstdialog-steiermark.at\/\" target=\"_blank\" rel=\"noopener\">Programme<\/a> beleuchtet mit folgenden Fragen das Generalthema: Welche St\u00e4rken Europas k\u00f6nnen identifiziert und forciert werden, um in einer Welt des Umbruchs eine wesentliche gestaltende Rolle zu spielen? Wie und in welchen Bereichen ist \u2013 mit einem neuen selbstbewussteren Selbstverst\u00e4ndnis \u2013 Europa so zu st\u00e4rken, dass es die eigene Zukunft selbst gestalten kann?<\/p>\n<h2>Europas Qualit\u00e4ten<\/h2>\n<p>\u201eEuropa wird k\u00fcnftig sowohl f\u00fcr Sicherheit als auch f\u00fcr Wirtschaft noch st\u00e4rker zusammenr\u00fccken m\u00fcssen. Wenn wir im internationalen Wettbewerb bestehen wollen, m\u00fcssen wir uns unserer St\u00e4rken viel bewusster werden und entsprechend auftreten&#8220;, so Landesrat Willibald Ehrenh\u00f6fer. &#8222;Demokratie, Menschenrechte, Meinungs- und Wissenschaftsfreiheit sowie Rechtsstaatlichkeit sind Qualit\u00e4ten, die Europa von anderen Regionen der Welt unterscheidet. Wir m\u00fcssen uns mit ganzer Kraft daf\u00fcr einsetzen, dass diese Werte bei der k\u00fcnftigen Gestaltung der Weltordnung eine bedeutende Rolle spielen. Mit dem Programm des heurigen Pfingstdialogs wollen wir einen Beitrag dazu leisten, die St\u00e4rken Europas aufzuzeigen und damit st\u00e4rker ins Bewusstsein zu r\u00fccken. Denn Europas St\u00e4rken sind auch die Grundlage daf\u00fcr, um Europas Wissenschafts- und Wirtschaftsstandort f\u00fcr die Zukunft zu st\u00e4rken.\u201c<\/p>\n<h2>Rund 60 hochkar\u00e4tige Referent*innen<\/h2>\n<p>Die verschiedenen Facetten des Generalthemas werden im Rahmen von Keynotes, Panels und Insiemegruppen beleuchtet. Zu den rund 60 Referentinnen und Referenten z\u00e4hlen u. a. der Berliner Politikwissenschafter Herfried M\u00fcnkler, der Professor f\u00fcr Internationale Politik an der Universit\u00e4t der Bundeswehr M\u00fcnchen Carlo Masala, der Kardinal und Erzbischof von Belgrad L\u00e1szl\u00f3 N\u00e9met, die langj\u00e4hrige Direktorin des j\u00fcdischen Museums Wiens und Autorin Danielle Spera, der ehemalige Chefredakteur der ZEIT und Generaldirektor des Schweizer Rundfunks Roger de Weck, der israelisch-deutsche Psychologe und Autor Ahmad Mansour, der Pr\u00e4sident der Nationalbank und langj\u00e4hrige EU-Kommissar Johannes Hahn sowie die \u00d6konomen Monika K\u00f6ppl-Turyna und Gabriel Felbermayr, die Inputs einbringen und diskutieren.<\/p>\n<p>Durch ein Stipendienprogramm wird auch heuer wieder hochqualifizierten Studierenden sowie Nachwuchswissenschafter*innen die Teilnahme am Pfingstdialog erm\u00f6glicht. Die gesamte Veranstaltung wird \u00fcber www.pfingstdialog-steiermark.at sowie den langj\u00e4hrigen Medienpartner ORF gestreamt.<\/p>\n<h2>Wissenschaftliche Exzellenz<\/h2>\n<p>\u201eEuropa verf\u00fcgt \u00fcber enorme St\u00e4rken \u2013 in seiner wissenschaftlichen Exzellenz, der Innovationskraft seiner Unternehmen und Forschungsinstitutionen sowie in seiner kulturellen Vielfalt. Gerade diese Potenziale gilt es, st\u00e4rker in den Fokus zu r\u00fccken und gezielt weiterzuentwickeln. Forschung spielt dabei eine zentrale Rolle: Sie liefert nicht nur Antworten auf aktuelle Herausforderungen, sondern er\u00f6ffnet neue L\u00f6sungsr\u00e4ume f\u00fcr eine nachhaltige und resiliente Zukunft. Die JOANNEUM RESEARCH versteht sich als aktive Mitgestalterin dieses Prozesses. Der Pfingstdialog bietet eine einzigartige Plattform, um unterschiedliche Disziplinen und Akteur*innen zusammenzubringen, voneinander zu lernen und gemeinsam konkrete Impulse f\u00fcr ein starkes Europa zu entwickeln. Genau dieser Austausch ist entscheidend, um Europas Zukunft aktiv zu gestalten\u201c, so JOANNEUM-RESEARCH-Gesch\u00e4ftsf\u00fchrer <a href=\"https:\/\/www.joanneum.at\/en\/personen\/di-dr-heinz-mayer\/\">Heinz Mayer<\/a>.<\/p>\n<p>Heinz Mayer wird am 20. Mai bei der Gespr\u00e4chsrunde im Zuge der Er\u00f6ffnung mit dabei sein, sowie am 21. Mai beim Forum &#8222;Zukunft Weltraum&#8220; und bei der Insiemegruppe Kreativit\u00e4t in Bildung, Forschung und Technologieentwicklung. <a href=\"https:\/\/www.joanneum.at\/en\/personen\/mag-dr-andreas-windisch\/\">Andreas Windisch<\/a> von JOANNEUM RESEARCH DIGITAL wird an der Insiemegruppe &#8222;Fokus auf Schl\u00fcsseltechnologien&#8220; vertreten sein und Prokurist <a href=\"https:\/\/www.joanneum.at\/en\/personen\/di-helmut-wiedenhofer\/\">Helmut Wiedenhofer<\/a> bei &#8222;Innovationsregion AlpeAdria&#8220;.<\/p>\n<h2>Vernunft &amp; christliche Werte<\/h2>\n<p>\u201eVernunft und christliche Werte \u2013 das sind nicht nur Europas St\u00e4rken. Vernunft und christliche Werte, die aus einem gelebten Glauben kommen, st\u00e4rken auch Europa. In der Glaubw\u00fcrdigkeit, im Zusammenleben von V\u00f6lkern und Nationen. Ich bin gespannt, welche Argumente die Impulsgeber der diesj\u00e4hrigen Tagung vorbringen werden. Einer davon wird Kardinal Ladislav Nemet SVD sein, geboren am 7. November 1956 in Ex-Jugoslawien, ungarischer Staatsb\u00fcrger, nun Erzbischof von Belgrad. Er hat Philosophie und Theologie studiert mit Schwerpunkt Dogmatik, ist seit 1983 Priester, seit 2008 Bischof, seit 2022 Erzbischof in Belgrad und seit 2024 Kardinal. Freuen wir uns auch auf seinen Beitrag zu Europas St\u00e4rken in unserer unberechenbaren Zeit\u201c, so Di\u00f6zesanbischof Wilhelm Krautwaschl, der auch auf die Kunstinstallation der Di\u00f6zese Graz-Seckau beim Pfingstdialog 2026 hinwies.<\/p>\n<h2>Die \u201eGeist &amp; Gegenwart\u201c-Pfingstdialoge<\/h2>\n<p>Die Pfingstdialoge haben sich in den letzten 20 Jahren zu einem wesentlichen Element des offenen geistig-kulturellen Diskurses mit besonderem Fokus auf den Alpen-Adria Raum und den Westbalkan am Schnittpunkt von vier europ\u00e4ischen Kulturkreisen entwickelt. Der Pfingstdialog \u201eGeist &amp; Gegenwart\u201c ist eine gemeinsame Veranstaltung von <a href=\"https:\/\/clubalpbachsteiermark.at\/\" target=\"_blank\" rel=\"noopener\">Club Alpbach Steiermark<\/a>, JOANNEUM RESEARCH und <a href=\"https:\/\/www.verwaltung.steiermark.at\/\" target=\"_blank\" rel=\"noopener\">Land Steiermark<\/a> unter Federf\u00fchrung von Finanz-, Wirtschafts- und Wissenschaftslandesrat Willibald Ehrenh\u00f6fer \u2013 in Kooperation mit der <a href=\"https:\/\/www.katholische-kirche-steiermark.at\/\" target=\"_blank\" rel=\"noopener\">Di\u00f6zese Graz-Seckau<\/a>. Die steirischen Universit\u00e4ten, Fachhochschulen sowie zahlreiche Forschungseinrichtungen sind als Partner in den Pfingstdialog eingebunden, wie auch die Industriellenvereinigung, die Arbeiterkammer und die Wirtschaftskammer Steiermark.<\/p>\n<p><strong>More:<\/strong> <a href=\"https:\/\/www.pfingstdialog-steiermark.at\/\" target=\"_blank\" rel=\"noopener\">Geist &amp; Gegenwart: Pfingstdialog 2026<\/a><\/p>\n<p>&nbsp;<\/p>\n<p>&nbsp;<\/p>","protected":false},"excerpt":{"rendered":"<p>Im Medienzentrum Steiermark wurde am 30. April von Wissenschafts- und Wirtschaftslandesrat Willibald Ehrenh\u00f6fer, Di\u00f6zesanbischof Wilhelm Krautwaschl, Heinz Mayer, Gesch\u00e4ftsf\u00fchrer JOANNEUM RESEARCH, und \u201eGeist &amp; Gegenwart\u201c-Koordinator Herwig H\u00f6sele das Programm f\u00fcr den Pfingstdialog 2026 pr\u00e4sentiert. Am 20. und 21. Mai wird sich auf Schloss Seggau in der S\u00fcdsteiermark alles um das Thema EUROPA(s)ST\u00c4RKEN drehen. Der Pfingstdialog [&hellip;]<\/p>\n","protected":false},"author":39,"featured_media":109884,"comment_status":"closed","ping_status":"open","sticky":false,"template":"","format":"standard","meta":{"_acf_changed":false,"footnotes":""},"categories":[1],"tags":[4127,4864,4125,4124,4863,4865,4605],"class_list":["post-109868","post","type-post","status-publish","format-standard","has-post-thumbnail","hentry","category-allgemein","tag-europa","tag-europa-staerken","tag-geist-und-gegenwart","tag-pfingstdialog","tag-pfingstdialog-2026","tag-starkes-europa","tag-wissenschaft","institutes-allgemein"],"acf":[],"_links":{"self":[{"href":"https:\/\/www.joanneum.at\/en\/wp-json\/wp\/v2\/posts\/109868","targetHints":{"allow":["GET"]}}],"collection":[{"href":"https:\/\/www.joanneum.at\/en\/wp-json\/wp\/v2\/posts"}],"about":[{"href":"https:\/\/www.joanneum.at\/en\/wp-json\/wp\/v2\/types\/post"}],"author":[{"embeddable":true,"href":"https:\/\/www.joanneum.at\/en\/wp-json\/wp\/v2\/users\/39"}],"replies":[{"embeddable":true,"href":"https:\/\/www.joanneum.at\/en\/wp-json\/wp\/v2\/comments?post=109868"}],"version-history":[{"count":7,"href":"https:\/\/www.joanneum.at\/en\/wp-json\/wp\/v2\/posts\/109868\/revisions"}],"predecessor-version":[{"id":109888,"href":"https:\/\/www.joanneum.at\/en\/wp-json\/wp\/v2\/posts\/109868\/revisions\/109888"}],"wp:featuredmedia":[{"embeddable":true,"href":"https:\/\/www.joanneum.at\/en\/wp-json\/wp\/v2\/media\/109884"}],"wp:attachment":[{"href":"https:\/\/www.joanneum.at\/en\/wp-json\/wp\/v2\/media?parent=109868"}],"wp:term":[{"taxonomy":"category","embeddable":true,"href":"https:\/\/www.joanneum.at\/en\/wp-json\/wp\/v2\/categories?post=109868"},{"taxonomy":"post_tag","embeddable":true,"href":"https:\/\/www.joanneum.at\/en\/wp-json\/wp\/v2\/tags?post=109868"}],"curies":[{"name":"wp","href":"https:\/\/api.w.org\/{rel}","templated":true}]}}